{"id":5129,"date":"2026-09-06T12:03:13","date_gmt":"2026-09-06T10:03:13","guid":{"rendered":"https:\/\/www.spvgg.net\/_3\/?p=5129"},"modified":"2026-09-06T12:03:19","modified_gmt":"2026-09-06T10:03:19","slug":"fc-bad-bellingen-fc-zell-51","status":"publish","type":"post","link":"https:\/\/www.spvgg.net\/_3\/2026\/09\/06\/fc-bad-bellingen-fc-zell-51\/","title":{"rendered":"FC Bad Bellingen &#8211; FC Zell 5:1"},"content":{"rendered":"\n\n\n<p><strong>FC Bad Bellingen \u2013 FC Zell \u00a05:1<\/strong><\/p>\n<p><strong>Torsch\u00fctzen: Lamin Jagne (2), Adrian Steininger (2) und Lukas Amann<\/strong><\/p>\n<p>Gegen die G\u00e4ste aus dem Wiesental begann der FCBB kontrolliert und erspielte sich nach und nach Feldvorteile. So war es auch vollkommen verdient, dass die Heimelf nach 26 Minuten durch Abwehrstratege Lamin Jagne, in F\u00fchrung ging. V\u00f6llig aus dem Nichts fiel dann sechs Minuten sp\u00e4ter der 1:1 Ausgleich, als Jonas Krumm f\u00fcr Zell aus 45 Metern unseren guten Keeper Adrian Winski, \u00fcberlistete. Das schmeichelhafte Remis retteten die Zeller in die Halbzeitpause. Dann folgte der Auftritt des emsigen Lukas Amann, der musterg\u00fcltig von Fl\u00fcgelrenner Luca Nunninger bedient wurde und sehenswert zur 2:1 F\u00fchrung traf. Der hochverdiente Vorsprung hielt bis in die Schlu\u00dfminute, ehe dann Nachwuchsspieler Adrian Steininger mit einem Doppelpack binnen einer Minute seiner Jokerrolle gerecht wurde und auf 4:1 erh\u00f6hte. Damit brach der Widerstand des FC Zell zusammen. F\u00fcr das I-T\u00fcpfelchen sorgte dann Lamin Jagne, der unnachahmlich mit seinem zweiten Tor in der 93. Minute den 5:1 Endstand erzielte. Keine Frage, dass die Spieler des FCBB von den Zuschauern gefeiert wurden und mit einer Ehrenrunde die Ovationen der zahlreichen Fans genossen.<\/p>\n","protected":false},"excerpt":{"rendered":"<p>FC Bad Bellingen \u2013 FC Zell \u00a05:1 Torsch\u00fctzen: Lamin Jagne (2), Adrian Steininger (2) und Lukas Amann Gegen die G\u00e4ste aus dem Wiesental begann der FCBB kontrolliert und erspielte sich nach und nach Feldvorteile. So war es auch vollkommen verdient, dass die Heimelf nach 26 Minuten durch Abwehrstratege Lamin Jagne, in F\u00fchrung ging. V\u00f6llig aus [&hellip;]<\/p>\n","protected":false},"author":4,"featured_media":0,"comment_status":"closed","ping_status":"open","sticky":false,"template":"","format":"standard","meta":{"footnotes":""},"categories":[77,80],"tags":[],"class_list":["post-5129","post","type-post","status-publish","format-standard","hentry","category-aktive","category-aktivmannschaft"],"_links":{"self":[{"href":"https:\/\/www.spvgg.net\/_3\/wp-json\/wp\/v2\/posts\/5129","targetHints":{"allow":["GET"]}}],"collection":[{"href":"https:\/\/www.spvgg.net\/_3\/wp-json\/wp\/v2\/posts"}],"about":[{"href":"https:\/\/www.spvgg.net\/_3\/wp-json\/wp\/v2\/types\/post"}],"author":[{"embeddable":true,"href":"https:\/\/www.spvgg.net\/_3\/wp-json\/wp\/v2\/users\/4"}],"replies":[{"embeddable":true,"href":"https:\/\/www.spvgg.net\/_3\/wp-json\/wp\/v2\/comments?post=5129"}],"version-history":[{"count":1,"href":"https:\/\/www.spvgg.net\/_3\/wp-json\/wp\/v2\/posts\/5129\/revisions"}],"predecessor-version":[{"id":5130,"href":"https:\/\/www.spvgg.net\/_3\/wp-json\/wp\/v2\/posts\/5129\/revisions\/5130"}],"wp:attachment":[{"href":"https:\/\/www.spvgg.net\/_3\/wp-json\/wp\/v2\/media?parent=5129"}],"wp:term":[{"taxonomy":"category","embeddable":true,"href":"https:\/\/www.spvgg.net\/_3\/wp-json\/wp\/v2\/categories?post=5129"},{"taxonomy":"post_tag","embeddable":true,"href":"https:\/\/www.spvgg.net\/_3\/wp-json\/wp\/v2\/tags?post=5129"}],"curies":[{"name":"wp","href":"https:\/\/api.w.org\/{rel}","templated":true}]}}