{"id":4945,"date":"2026-04-26T17:43:18","date_gmt":"2026-04-26T15:43:18","guid":{"rendered":"https:\/\/www.spvgg.net\/_3\/?p=4945"},"modified":"2026-04-26T17:53:49","modified_gmt":"2026-04-26T15:53:49","slug":"tus-efringen-1-fcbb-2-31","status":"publish","type":"post","link":"https:\/\/www.spvgg.net\/_3\/2026\/04\/26\/tus-efringen-1-fcbb-2-31\/","title":{"rendered":"TUS Efringen 1 &#8211; FCBB 2  3:1"},"content":{"rendered":"\n\n\n<p><strong>TUS Efringen-Kirchen &#8211; FC Bad Bellingen 2 \u00a03:1<\/strong><\/p>\n<p><strong>Torsch\u00fctze: Istvan Nagy<\/strong><\/p>\n<p>Die Kreisliga-A-Mannschaft des FCBB kam gut in die Partie und h\u00e4tte bequem mit 0:3 in F\u00fchrung gehen k\u00f6nnen. Leider fehlte die Pr\u00e4zision und ein Qu\u00e4ntchen Gl\u00fcck im Abschluss. Torlos ging es nach 45 Minuten in die Halbzeitpause. Nach dem Seitenwechsel brachte der TUS einige frische Spieler und Routinier Stefan Hillp\u00fcsch. Dies machte sich bezahlt und Efringen ging mit einem sehenswerten Kopfball in F\u00fchrung. Die Heimelf bekam immer mehr Oberwasser und nach einem Pingpongball fiel das 2:0. Der FCBB setzte immer wieder Nadelsticke und nach einer von Trainer Gabriel Iordan getretenen Ecke fiel der 2:1 Anschlusstreffer durch Istvan Nagy. \u00a0Gegen Ende der Begegnung erh\u00f6hten die Gastgeber auf 3:1 aus spitzem Winkel, was nicht ganz dem Spielverlauf entsprach. Eine ungl\u00fcckliche Figur machte der Schiedsrichter, der viele Situationen falsch einsch\u00e4tzte. Gott sei Dank blieben die Spieler dennoch besonnen und schluckten den \u00c4rger herunter. Eine gro\u00dfartige Leistung zeigten die beiden Nachwuchsspieler Marvin Herdt und Joshua Rinderle, die kaum was anbrennen lie\u00dfen und defensiv wie offensiv zu \u00fcberzeugen wussten.<\/p>\n<p>\u00a0<\/p>\n","protected":false},"excerpt":{"rendered":"<p>TUS Efringen-Kirchen &#8211; FC Bad Bellingen 2 \u00a03:1 Torsch\u00fctze: Istvan Nagy Die Kreisliga-A-Mannschaft des FCBB kam gut in die Partie und h\u00e4tte bequem mit 0:3 in F\u00fchrung gehen k\u00f6nnen. Leider fehlte die Pr\u00e4zision und ein Qu\u00e4ntchen Gl\u00fcck im Abschluss. Torlos ging es nach 45 Minuten in die Halbzeitpause. Nach dem Seitenwechsel brachte der TUS einige [&hellip;]<\/p>\n","protected":false},"author":4,"featured_media":0,"comment_status":"closed","ping_status":"open","sticky":false,"template":"","format":"standard","meta":{"footnotes":""},"categories":[77,80],"tags":[],"class_list":["post-4945","post","type-post","status-publish","format-standard","hentry","category-aktive","category-aktivmannschaft"],"_links":{"self":[{"href":"https:\/\/www.spvgg.net\/_3\/wp-json\/wp\/v2\/posts\/4945","targetHints":{"allow":["GET"]}}],"collection":[{"href":"https:\/\/www.spvgg.net\/_3\/wp-json\/wp\/v2\/posts"}],"about":[{"href":"https:\/\/www.spvgg.net\/_3\/wp-json\/wp\/v2\/types\/post"}],"author":[{"embeddable":true,"href":"https:\/\/www.spvgg.net\/_3\/wp-json\/wp\/v2\/users\/4"}],"replies":[{"embeddable":true,"href":"https:\/\/www.spvgg.net\/_3\/wp-json\/wp\/v2\/comments?post=4945"}],"version-history":[{"count":2,"href":"https:\/\/www.spvgg.net\/_3\/wp-json\/wp\/v2\/posts\/4945\/revisions"}],"predecessor-version":[{"id":4953,"href":"https:\/\/www.spvgg.net\/_3\/wp-json\/wp\/v2\/posts\/4945\/revisions\/4953"}],"wp:attachment":[{"href":"https:\/\/www.spvgg.net\/_3\/wp-json\/wp\/v2\/media?parent=4945"}],"wp:term":[{"taxonomy":"category","embeddable":true,"href":"https:\/\/www.spvgg.net\/_3\/wp-json\/wp\/v2\/categories?post=4945"},{"taxonomy":"post_tag","embeddable":true,"href":"https:\/\/www.spvgg.net\/_3\/wp-json\/wp\/v2\/tags?post=4945"}],"curies":[{"name":"wp","href":"https:\/\/api.w.org\/{rel}","templated":true}]}}