{"id":4676,"date":"2025-10-05T18:13:40","date_gmt":"2025-10-05T16:13:40","guid":{"rendered":"https:\/\/www.spvgg.net\/_3\/?p=4676"},"modified":"2025-10-05T18:21:06","modified_gmt":"2025-10-05T16:21:06","slug":"fc-bad-bellingen-2-fc-steinen-hoellstein-43","status":"publish","type":"post","link":"https:\/\/www.spvgg.net\/_3\/2025\/10\/05\/fc-bad-bellingen-2-fc-steinen-hoellstein-43\/","title":{"rendered":"FC Bad Bellingen 2 &#8211; FC Steinen H\u00f6llstein 4:3"},"content":{"rendered":"\n<p><strong>FC Bad Bellingen 2 \u2013 FC Steinen-H\u00f6llstein 4:3<\/strong><\/p>\n<p><strong>Torsch\u00fctzen: Aldin Sisic, Aurel Florin Schuster, Antonio Prete und Istvan Nagy<\/strong><\/p>\n<p>Nach dem unn\u00f6tigen Punktabzug gegen Eichsel, bot die Kreisliga-A-Mannschaft des FCBB ein gutes Spiel und ging mit 2:0 durch Tore von Aldin Sisic und Aurel-Florin Schuster in Front. Steinen hielt dagegen und schloss zum 2:1 auf. Doch nach 59 Minuten stellte Antonio Prete den alten Abstand wieder her und es stand 3:1. Nach Istvan Nagy\u2019s 4:1 schien die Vorentscheidung gefallen, doch Stetten machte es mit dem 4:2 und dem Eigentor von Ion Cercel zum 4:3 noch einmal spannend. Am Ende blieb es aber beim knappen, aber verdienten Sieg der FCBB-Reserve.<\/p>\n<p>&nbsp;<\/p>\n\n\n\n<p>Das Spiel gegen den SV Eichsel wurde im Nachhinein durch Urteil 3:0 zugunsten des SV Eichsel gewertet<\/p>\n","protected":false},"excerpt":{"rendered":"<p>FC Bad Bellingen 2 \u2013 FC Steinen-H\u00f6llstein 4:3 Torsch\u00fctzen: Aldin Sisic, Aurel Florin Schuster, Antonio Prete und Istvan Nagy Nach dem unn\u00f6tigen Punktabzug gegen Eichsel, bot die Kreisliga-A-Mannschaft des FCBB ein gutes Spiel und ging mit 2:0 durch Tore von Aldin Sisic und Aurel-Florin Schuster in Front. Steinen hielt dagegen und schloss zum 2:1 auf. [&hellip;]<\/p>\n","protected":false},"author":4,"featured_media":0,"comment_status":"closed","ping_status":"open","sticky":false,"template":"","format":"standard","meta":{"footnotes":""},"categories":[77,80],"tags":[],"class_list":["post-4676","post","type-post","status-publish","format-standard","hentry","category-aktive","category-aktivmannschaft"],"_links":{"self":[{"href":"https:\/\/www.spvgg.net\/_3\/wp-json\/wp\/v2\/posts\/4676","targetHints":{"allow":["GET"]}}],"collection":[{"href":"https:\/\/www.spvgg.net\/_3\/wp-json\/wp\/v2\/posts"}],"about":[{"href":"https:\/\/www.spvgg.net\/_3\/wp-json\/wp\/v2\/types\/post"}],"author":[{"embeddable":true,"href":"https:\/\/www.spvgg.net\/_3\/wp-json\/wp\/v2\/users\/4"}],"replies":[{"embeddable":true,"href":"https:\/\/www.spvgg.net\/_3\/wp-json\/wp\/v2\/comments?post=4676"}],"version-history":[{"count":2,"href":"https:\/\/www.spvgg.net\/_3\/wp-json\/wp\/v2\/posts\/4676\/revisions"}],"predecessor-version":[{"id":4684,"href":"https:\/\/www.spvgg.net\/_3\/wp-json\/wp\/v2\/posts\/4676\/revisions\/4684"}],"wp:attachment":[{"href":"https:\/\/www.spvgg.net\/_3\/wp-json\/wp\/v2\/media?parent=4676"}],"wp:term":[{"taxonomy":"category","embeddable":true,"href":"https:\/\/www.spvgg.net\/_3\/wp-json\/wp\/v2\/categories?post=4676"},{"taxonomy":"post_tag","embeddable":true,"href":"https:\/\/www.spvgg.net\/_3\/wp-json\/wp\/v2\/tags?post=4676"}],"curies":[{"name":"wp","href":"https:\/\/api.w.org\/{rel}","templated":true}]}}