{"id":3738,"date":"2023-09-25T08:54:45","date_gmt":"2023-09-25T06:54:45","guid":{"rendered":"https:\/\/www.spvgg.net\/_3\/?p=3738"},"modified":"2023-09-25T08:55:07","modified_gmt":"2023-09-25T06:55:07","slug":"fc-wallbach-spvgg-bamlach-rheinweiler-32","status":"publish","type":"post","link":"https:\/\/www.spvgg.net\/_3\/2023\/09\/25\/fc-wallbach-spvgg-bamlach-rheinweiler-32\/","title":{"rendered":"FC Wallbach &#8211; Spvgg. Bamlach\/Rheinweiler 3:2"},"content":{"rendered":"\n<p><strong>FC Wallbach &#8211; Spvgg. Bamlach\/Rheinweiler 3:2<\/strong><\/p>\n<p><strong>Torsch\u00fctzen:&nbsp; Ion Cercel und ein Eigentor<\/strong><\/p>\n<p>Ohne den gesperrten Torj\u00e4ger Istvan Nagy musste Bamlach\/Rheinweiler in Wallbach antreten. Gegen den Tabellendritten war man aber nicht chancenlos und schon nach 5 Minuten konnte Ion Cercel einen Elfmeter zum 0:1 verwandeln. Eine Minute sp\u00e4ter glichen die Gastgeber aber zum 1:1 aus und erzielten noch vor der Pause die 2:1 F\u00fchrung. Mit dem 3:1 nach 68 Minuten durch den zweifachen Torsch\u00fctzen Fatih Palit, war dann eine Vorentscheidung gefallen. Nach dem Eigentor eines Wallbachers zum 3:2 keimte noch einmal Hoffnung f\u00fcr die Spielvereinigung auf, doch am Ende blieb es bei einer knappen Ausw\u00e4rtsniederlage in Wallbach.<\/p>\n\n\n","protected":false},"excerpt":{"rendered":"<p>FC Wallbach &#8211; Spvgg. Bamlach\/Rheinweiler 3:2 Torsch\u00fctzen:&nbsp; Ion Cercel und ein Eigentor Ohne den gesperrten Torj\u00e4ger Istvan Nagy musste Bamlach\/Rheinweiler in Wallbach antreten. Gegen den Tabellendritten war man aber nicht chancenlos und schon nach 5 Minuten konnte Ion Cercel einen Elfmeter zum 0:1 verwandeln. Eine Minute sp\u00e4ter glichen die Gastgeber aber zum 1:1 aus und [&hellip;]<\/p>\n","protected":false},"author":4,"featured_media":0,"comment_status":"closed","ping_status":"open","sticky":false,"template":"","format":"standard","meta":{"footnotes":""},"categories":[77,80,1],"tags":[],"class_list":["post-3738","post","type-post","status-publish","format-standard","hentry","category-aktive","category-aktivmannschaft","category-allgemein"],"_links":{"self":[{"href":"https:\/\/www.spvgg.net\/_3\/wp-json\/wp\/v2\/posts\/3738","targetHints":{"allow":["GET"]}}],"collection":[{"href":"https:\/\/www.spvgg.net\/_3\/wp-json\/wp\/v2\/posts"}],"about":[{"href":"https:\/\/www.spvgg.net\/_3\/wp-json\/wp\/v2\/types\/post"}],"author":[{"embeddable":true,"href":"https:\/\/www.spvgg.net\/_3\/wp-json\/wp\/v2\/users\/4"}],"replies":[{"embeddable":true,"href":"https:\/\/www.spvgg.net\/_3\/wp-json\/wp\/v2\/comments?post=3738"}],"version-history":[{"count":2,"href":"https:\/\/www.spvgg.net\/_3\/wp-json\/wp\/v2\/posts\/3738\/revisions"}],"predecessor-version":[{"id":3740,"href":"https:\/\/www.spvgg.net\/_3\/wp-json\/wp\/v2\/posts\/3738\/revisions\/3740"}],"wp:attachment":[{"href":"https:\/\/www.spvgg.net\/_3\/wp-json\/wp\/v2\/media?parent=3738"}],"wp:term":[{"taxonomy":"category","embeddable":true,"href":"https:\/\/www.spvgg.net\/_3\/wp-json\/wp\/v2\/categories?post=3738"},{"taxonomy":"post_tag","embeddable":true,"href":"https:\/\/www.spvgg.net\/_3\/wp-json\/wp\/v2\/tags?post=3738"}],"curies":[{"name":"wp","href":"https:\/\/api.w.org\/{rel}","templated":true}]}}