{"id":3644,"date":"2023-06-04T09:25:44","date_gmt":"2023-06-04T07:25:44","guid":{"rendered":"https:\/\/www.spvgg.net\/_3\/?p=3644"},"modified":"2023-06-04T09:25:45","modified_gmt":"2023-06-04T07:25:45","slug":"generalversammlung-am-freitag16-juni-um-20-00-uhr-ab-19-30-uhr-jugendversammlung","status":"publish","type":"post","link":"https:\/\/www.spvgg.net\/_3\/2023\/06\/04\/generalversammlung-am-freitag16-juni-um-20-00-uhr-ab-19-30-uhr-jugendversammlung\/","title":{"rendered":"Generalversammlung am Freitag,16. Juni um 20.00 Uhr. Ab 19.30 Uhr Jugendversammlung"},"content":{"rendered":"\n<p><strong><u>Einladung<\/u><\/strong><u> <strong>zur Generalversammlung 2023<\/strong><\/u><\/p>\n<p>zum Abschluss der Saison 2023\/24 l\u00e4dt die Spvgg. Bamlach\/Rheinweiler zur diesj\u00e4hrigen Generalversammlung am Freitag, den 16. Juni 2023 um 20:00 Uhr ins Clubheim Rheinweiler ein. Vorab findet um 19.30 Uhr die Jugendversammlung statt.<\/p>\n<p>\u00a0<\/p>\n<p>Tagesordnung:<\/p>\n<ol>\n<li>Begr\u00fc\u00dfung durch den Vorstand<\/li>\n<li>Ehrung der Toten<\/li>\n<li>Protokoll der letzten Generalversammlung<\/li>\n<li>T\u00e4tigkeitsbericht des vergangenen Vereinsjahres<\/li>\n<li>Berichte der Trainer\/sportlichen Vorstands und Jugendbetreuer<\/li>\n<li>Kassenbericht<\/li>\n<li>Bericht der Kassenpr\u00fcfer und Entlastung des Schatzmeisters<\/li>\n<li>Entlastung der Vorstandschaft<\/li>\n<li>Neuwahlen<\/li>\n<li>Ehrungen<\/li>\n<li>Verschiedenes, W\u00fcnsche und Antr\u00e4ge<\/li>\n<\/ol>\n<p>\u00a0<\/p>\n<p>Gem\u00e4\u00df Satzung sind Antr\u00e4ge bis sp\u00e4testens 6. Juni 2023 bei Vorstand Patric Dosenbach schriftlich, an die Adresse SPVGG Bamlach\/Rheinweiler 1982 e.V., Postfach 79, 79411 Bad Bellingen oder per E-Mail an <a href=\"mailto:vorstand@spvgg.net\">vorstand@spvgg.net<\/a>, einzureichen.<\/p>\n<p>\u00a0<\/p>\n<p>Die Spielvereinigung freut sich auf zahlreiche Mitglieder, Aktive, Freunde und G\u00e4ste.<\/p>\n<p>Freundliche Gr\u00fc\u00dfe<\/p>\n<p>Peter Rotthaus<\/p>\n<p>Schriftf\u00fchrer<\/p>\n<p>SPVGG Bamlach\/Rheinweiler 1982 e.V.<\/p>\n<p>Postfach 79, 79411 Bad Bellingen<\/p>\n<p><a href=\"mailto:schriftfuehrer@spvgg.net\">schriftfuehrer@spvgg.net<\/a><\/p>\n\n\n","protected":false},"excerpt":{"rendered":"<p>Einladung zur Generalversammlung 2023 zum Abschluss der Saison 2023\/24 l\u00e4dt die Spvgg. Bamlach\/Rheinweiler zur diesj\u00e4hrigen Generalversammlung am Freitag, den 16. Juni 2023 um 20:00 Uhr ins Clubheim Rheinweiler ein. Vorab findet um 19.30 Uhr die Jugendversammlung statt. \u00a0 Tagesordnung: Begr\u00fc\u00dfung durch den Vorstand Ehrung der Toten Protokoll der letzten Generalversammlung T\u00e4tigkeitsbericht des vergangenen Vereinsjahres Berichte [&hellip;]<\/p>\n","protected":false},"author":4,"featured_media":0,"comment_status":"closed","ping_status":"open","sticky":false,"template":"","format":"standard","meta":{"footnotes":""},"categories":[1],"tags":[],"class_list":["post-3644","post","type-post","status-publish","format-standard","hentry","category-allgemein"],"_links":{"self":[{"href":"https:\/\/www.spvgg.net\/_3\/wp-json\/wp\/v2\/posts\/3644","targetHints":{"allow":["GET"]}}],"collection":[{"href":"https:\/\/www.spvgg.net\/_3\/wp-json\/wp\/v2\/posts"}],"about":[{"href":"https:\/\/www.spvgg.net\/_3\/wp-json\/wp\/v2\/types\/post"}],"author":[{"embeddable":true,"href":"https:\/\/www.spvgg.net\/_3\/wp-json\/wp\/v2\/users\/4"}],"replies":[{"embeddable":true,"href":"https:\/\/www.spvgg.net\/_3\/wp-json\/wp\/v2\/comments?post=3644"}],"version-history":[{"count":1,"href":"https:\/\/www.spvgg.net\/_3\/wp-json\/wp\/v2\/posts\/3644\/revisions"}],"predecessor-version":[{"id":3645,"href":"https:\/\/www.spvgg.net\/_3\/wp-json\/wp\/v2\/posts\/3644\/revisions\/3645"}],"wp:attachment":[{"href":"https:\/\/www.spvgg.net\/_3\/wp-json\/wp\/v2\/media?parent=3644"}],"wp:term":[{"taxonomy":"category","embeddable":true,"href":"https:\/\/www.spvgg.net\/_3\/wp-json\/wp\/v2\/categories?post=3644"},{"taxonomy":"post_tag","embeddable":true,"href":"https:\/\/www.spvgg.net\/_3\/wp-json\/wp\/v2\/tags?post=3644"}],"curies":[{"name":"wp","href":"https:\/\/api.w.org\/{rel}","templated":true}]}}