{"id":3495,"date":"2023-01-30T08:26:56","date_gmt":"2023-01-30T07:26:56","guid":{"rendered":"https:\/\/www.spvgg.net\/_3\/?p=3495"},"modified":"2023-01-30T08:26:58","modified_gmt":"2023-01-30T07:26:58","slug":"e-und-f-jugend-beim-sv-weilertal-zu-gast","status":"publish","type":"post","link":"https:\/\/www.spvgg.net\/_3\/2023\/01\/30\/e-und-f-jugend-beim-sv-weilertal-zu-gast\/","title":{"rendered":"E- und F-Jugend beim SV Weilertal zu Gast"},"content":{"rendered":"\n\n\n<p style=\"margin: 0px 5px 0px 0px;\"><span style=\"font-size: 12pt;\"><strong>F-Jugendmannschaften beim SV Weilertal zu Gast<\/strong><\/span><\/p>\n<p style=\"margin: 0px 5px 0px 0px;\"><span style=\"font-size: 12pt;\">Am vergangenen Sonntag trat die Spvgg. Bamlach\/Rheinweiler mit zwei F-Jugendteams beim Hallenturnier des SV Weilertal in der Heinz-Renkert-Halle in M\u00fcllheim an. Beide Mannschaften zeigten beherzten Fu\u00dfball und wurden von den vielen mitgereisten Eltern lautstark unterst\u00fctzt. Die F1Jugend hatte es mit schweren Gegnern zu tun und konnten einen Sieg und ein Unentschieden f\u00fcr sich verbuchen. Hinzu kamen zwei knappe Niederlagen und ein klares 0:4 gegen die \u00fcberragenden Neuenburger.\u00a0<\/span><\/p>\n<p style=\"margin: 0px 5px 0px 0px;\"><span style=\"font-size: 12pt;\">Die F2 war erfolgreicher und fuhr drei Siege ein, spielte einmal Unentschieden und musste nur einmal eine knappe 1:2 Niederlage gegen Steinenstadt einstecken.\u00a0<\/span><\/p>\n<p style=\"margin: 0px 5px 0px 0px;\"><span style=\"font-size: 12pt;\">Man merkt, dass die Kids flei\u00dfig trainieren und sich von Spiel zu Spiel steigern. Das n\u00e4chste Turnier ist f\u00fcr Anfang M\u00e4rz in L\u00f6rrach geplant.\u00a0<\/span><\/p>\n<p style=\"margin: 0px 5px 0px 0px;\">\u00a0<\/p>\n<p style=\"margin: 0px 5px 0px 0px;\"><span style=\"font-size: 12pt;\"><strong>E-Jugend ebenfalls in M\u00fcllheim am Start<\/strong><\/span><\/p>\n<p style=\"margin: 0px 5px 0px 0px;\"><span style=\"font-size: 12pt;\">Auch die E-Jugend war am Wochenende beim SV Weilertal zu Gast und zeigte am Samstag vor gro\u00dfer Kulisse tolle Spiele.\u00a0<\/span><\/p>\n","protected":false},"excerpt":{"rendered":"<p>F-Jugendmannschaften beim SV Weilertal zu Gast Am vergangenen Sonntag trat die Spvgg. Bamlach\/Rheinweiler mit zwei F-Jugendteams beim Hallenturnier des SV Weilertal in der Heinz-Renkert-Halle in M\u00fcllheim an. Beide Mannschaften zeigten beherzten Fu\u00dfball und wurden von den vielen mitgereisten Eltern lautstark unterst\u00fctzt. Die F1Jugend hatte es mit schweren Gegnern zu tun und konnten einen Sieg und [&hellip;]<\/p>\n","protected":false},"author":4,"featured_media":0,"comment_status":"closed","ping_status":"open","sticky":false,"template":"","format":"standard","meta":{"footnotes":""},"categories":[78],"tags":[],"class_list":["post-3495","post","type-post","status-publish","format-standard","hentry","category-jugend"],"_links":{"self":[{"href":"https:\/\/www.spvgg.net\/_3\/wp-json\/wp\/v2\/posts\/3495","targetHints":{"allow":["GET"]}}],"collection":[{"href":"https:\/\/www.spvgg.net\/_3\/wp-json\/wp\/v2\/posts"}],"about":[{"href":"https:\/\/www.spvgg.net\/_3\/wp-json\/wp\/v2\/types\/post"}],"author":[{"embeddable":true,"href":"https:\/\/www.spvgg.net\/_3\/wp-json\/wp\/v2\/users\/4"}],"replies":[{"embeddable":true,"href":"https:\/\/www.spvgg.net\/_3\/wp-json\/wp\/v2\/comments?post=3495"}],"version-history":[{"count":1,"href":"https:\/\/www.spvgg.net\/_3\/wp-json\/wp\/v2\/posts\/3495\/revisions"}],"predecessor-version":[{"id":3496,"href":"https:\/\/www.spvgg.net\/_3\/wp-json\/wp\/v2\/posts\/3495\/revisions\/3496"}],"wp:attachment":[{"href":"https:\/\/www.spvgg.net\/_3\/wp-json\/wp\/v2\/media?parent=3495"}],"wp:term":[{"taxonomy":"category","embeddable":true,"href":"https:\/\/www.spvgg.net\/_3\/wp-json\/wp\/v2\/categories?post=3495"},{"taxonomy":"post_tag","embeddable":true,"href":"https:\/\/www.spvgg.net\/_3\/wp-json\/wp\/v2\/tags?post=3495"}],"curies":[{"name":"wp","href":"https:\/\/api.w.org\/{rel}","templated":true}]}}