{"id":3490,"date":"2023-01-08T11:43:06","date_gmt":"2023-01-08T10:43:06","guid":{"rendered":"https:\/\/www.spvgg.net\/_3\/?p=3490"},"modified":"2023-01-08T12:09:11","modified_gmt":"2023-01-08T11:09:11","slug":"die-naechsten-spiele-und-turniere","status":"publish","type":"post","link":"https:\/\/www.spvgg.net\/_3\/2023\/01\/08\/die-naechsten-spiele-und-turniere\/","title":{"rendered":"Die n\u00e4chsten Spiele und Turniere"},"content":{"rendered":"\n\n\n<p><strong>Die n\u00e4chsten Spiele und Turniere:\u00a0\u00a0\u00a0\u00a0\u00a0\u00a0\u00a0\u00a0\u00a0\u00a0\u00a0\u00a0\u00a0\u00a0\u00a0\u00a0\u00a0\u00a0\u00a0\u00a0\u00a0\u00a0\u00a0\u00a0\u00a0\u00a0\u00a0\u00a0\u00a0\u00a0\u00a0 <\/strong><\/p>\n<p>F-Jugendturnier des SV Weilertal am Sonntag, den 29. Januar in der Heinz-Renkert-Halle M\u00fcllheim.<\/p>\n<p>E-Jugendturnier der Alemania M\u00fcllheim am Samstag, den 14. Januar in M\u00fcllheim<\/p>\n<p>E-Jugendturnier des SV Weilertal am Samstag, den 28. Januar in M\u00fcllheim<\/p>\n<p>E-Jugendturnier des TUS Efringen am Samstag, den 04. Februar in Efringen<\/p>\n<p>D-2-Jugendturnier der Alemania M\u00fcllheim am Sonntag, den 22. Januar in M\u00fcllheim<\/p>\n<p><strong>Freundschaftsspiele der Aktiven:<\/strong><\/p>\n<p>TUS Efringen \u2013 Spvgg. Bamlach\/Rheinweiler am Samstag, den 04.02.23 um 18.30 Uhr<\/p>\n<p>FC Neuenburg \u2013 Spvgg. Bamlach\/Rheinweiler am Samstag, den 11.02.23 um 15.30 Uhr<\/p>\n<p>SV Istein \u2013 Spvgg. Bamlach\/Rheinweiler am Donnerstag, den 02.03.23 um 19.30 Uhr<\/p>\n<p>FV Tumringen II \u2013 Spvgg. Bamlach\/Rheinweiler II am Sonntag, den 05.03.23 um 13.00 Uhr<\/p>\n<p>\u00dcber weitere Turniere und Freundschaftsspiele wird auf Homepage und Amtsblatt informiert.<\/p>\n","protected":false},"excerpt":{"rendered":"<p>Die n\u00e4chsten Spiele und Turniere:\u00a0\u00a0\u00a0\u00a0\u00a0\u00a0\u00a0\u00a0\u00a0\u00a0\u00a0\u00a0\u00a0\u00a0\u00a0\u00a0\u00a0\u00a0\u00a0\u00a0\u00a0\u00a0\u00a0\u00a0\u00a0\u00a0\u00a0\u00a0\u00a0\u00a0\u00a0 F-Jugendturnier des SV Weilertal am Sonntag, den 29. Januar in der Heinz-Renkert-Halle M\u00fcllheim. E-Jugendturnier der Alemania M\u00fcllheim am Samstag, den 14. Januar in M\u00fcllheim E-Jugendturnier des SV Weilertal am Samstag, den 28. Januar in M\u00fcllheim E-Jugendturnier des TUS Efringen am Samstag, den 04. Februar in Efringen D-2-Jugendturnier der Alemania M\u00fcllheim [&hellip;]<\/p>\n","protected":false},"author":4,"featured_media":0,"comment_status":"closed","ping_status":"open","sticky":false,"template":"","format":"standard","meta":{"footnotes":""},"categories":[80,1,78],"tags":[],"class_list":["post-3490","post","type-post","status-publish","format-standard","hentry","category-aktivmannschaft","category-allgemein","category-jugend"],"_links":{"self":[{"href":"https:\/\/www.spvgg.net\/_3\/wp-json\/wp\/v2\/posts\/3490","targetHints":{"allow":["GET"]}}],"collection":[{"href":"https:\/\/www.spvgg.net\/_3\/wp-json\/wp\/v2\/posts"}],"about":[{"href":"https:\/\/www.spvgg.net\/_3\/wp-json\/wp\/v2\/types\/post"}],"author":[{"embeddable":true,"href":"https:\/\/www.spvgg.net\/_3\/wp-json\/wp\/v2\/users\/4"}],"replies":[{"embeddable":true,"href":"https:\/\/www.spvgg.net\/_3\/wp-json\/wp\/v2\/comments?post=3490"}],"version-history":[{"count":3,"href":"https:\/\/www.spvgg.net\/_3\/wp-json\/wp\/v2\/posts\/3490\/revisions"}],"predecessor-version":[{"id":3493,"href":"https:\/\/www.spvgg.net\/_3\/wp-json\/wp\/v2\/posts\/3490\/revisions\/3493"}],"wp:attachment":[{"href":"https:\/\/www.spvgg.net\/_3\/wp-json\/wp\/v2\/media?parent=3490"}],"wp:term":[{"taxonomy":"category","embeddable":true,"href":"https:\/\/www.spvgg.net\/_3\/wp-json\/wp\/v2\/categories?post=3490"},{"taxonomy":"post_tag","embeddable":true,"href":"https:\/\/www.spvgg.net\/_3\/wp-json\/wp\/v2\/tags?post=3490"}],"curies":[{"name":"wp","href":"https:\/\/api.w.org\/{rel}","templated":true}]}}