{"id":3132,"date":"2022-04-10T14:53:52","date_gmt":"2022-04-10T12:53:52","guid":{"rendered":"https:\/\/www.spvgg.net\/_3\/?p=3132"},"modified":"2022-04-10T14:53:54","modified_gmt":"2022-04-10T12:53:54","slug":"41-derbysieg-gegen-den-vfr","status":"publish","type":"post","link":"https:\/\/www.spvgg.net\/_3\/2022\/04\/10\/41-derbysieg-gegen-den-vfr\/","title":{"rendered":"4:1 Derbysieg gegen den VfR"},"content":{"rendered":"\n<p><strong>Bamlach\/Rheinweiler I \u2013 VfR Bad Bellingen II\u00a0\u00a0 4:1<\/strong><\/p>\n<p><strong>Torsch\u00fctzen: Istvan Nagy (3) und Dumitru, Florin <\/strong><\/p>\n<p>Das mit Spannung erwartete Derby gegen die Landesliga-Reserve des VfR Bad Bellingen, erf\u00fcllte vor allem hinsichtlich der Intensit\u00e4t die Erwartungen der Zuschauer. Die G\u00e4ste fanden zun\u00e4chst besser ins Spiel und bis zum 1:0 durch Goalgetter Istvan Nagy, lagen die Vorteile beim VFR. Scheinbar hatte es diesen Dosen\u00f6ffner gebraucht, denn fortan lief der Ball besser durch die Reihen der Spielvereinigung, sodass das Halbzeitergebnis von 1:0 nicht unverdient war. Nach dem Seitenwechsel legte das Team um Kapit\u00e4n Ivan Stojanovic eine Schippe drauf und Jubel brandete auf, als Istvan Nagy das vermeintliche 2:0 erzielte. Leider wurde das sch\u00f6n herausgespielte Tor zu Unrecht wegen einer vermeintlichen Abseitsposition aberkannt. Nach der Einwechslung von Stefan Lirca f\u00fcr Felix B\u00e4chlin wurde das Spiel noch druckvoller und nach 76 Minuten verwertete Istvan Nagy eine tolle Vorlage des starken Aaron Maier zum inzwischen mehr als verdienten 2:0. Der VfR blieb weiter gef\u00e4hrlich und Jonas Dosenbach und Sven Siegin zeigten immer wieder ihre Qualit\u00e4ten. F\u00fcnf Minuten sp\u00e4ter war es erneut Istvan Nagy, der die exzellente Vorarbeit von Andrei Budoi eiskalt zum vorentscheidenden 3:0 nutzte. F\u00fcnf Minuten vor Spielende gelang Jonas Dosenbach der verdiente Ehrentreffer f\u00fcr die nicht aufgebenden G\u00e4ste. Mit einer Energieleistung stellte Florin Dumitru in der Nachspielzeit nach einem Solo \u00fcber das halbe Feld, den 4:1 Sieg sicher und kr\u00f6nte damit gleichzeitig seine hervorragende Leistung.<\/p>\n","protected":false},"excerpt":{"rendered":"<p>Bamlach\/Rheinweiler I \u2013 VfR Bad Bellingen II\u00a0\u00a0 4:1 Torsch\u00fctzen: Istvan Nagy (3) und Dumitru, Florin Das mit Spannung erwartete Derby gegen die Landesliga-Reserve des VfR Bad Bellingen, erf\u00fcllte vor allem hinsichtlich der Intensit\u00e4t die Erwartungen der Zuschauer. Die G\u00e4ste fanden zun\u00e4chst besser ins Spiel und bis zum 1:0 durch Goalgetter Istvan Nagy, lagen die Vorteile [&hellip;]<\/p>\n","protected":false},"author":4,"featured_media":0,"comment_status":"closed","ping_status":"open","sticky":false,"template":"","format":"standard","meta":{"footnotes":""},"categories":[77,80],"tags":[],"class_list":["post-3132","post","type-post","status-publish","format-standard","hentry","category-aktive","category-aktivmannschaft"],"_links":{"self":[{"href":"https:\/\/www.spvgg.net\/_3\/wp-json\/wp\/v2\/posts\/3132","targetHints":{"allow":["GET"]}}],"collection":[{"href":"https:\/\/www.spvgg.net\/_3\/wp-json\/wp\/v2\/posts"}],"about":[{"href":"https:\/\/www.spvgg.net\/_3\/wp-json\/wp\/v2\/types\/post"}],"author":[{"embeddable":true,"href":"https:\/\/www.spvgg.net\/_3\/wp-json\/wp\/v2\/users\/4"}],"replies":[{"embeddable":true,"href":"https:\/\/www.spvgg.net\/_3\/wp-json\/wp\/v2\/comments?post=3132"}],"version-history":[{"count":1,"href":"https:\/\/www.spvgg.net\/_3\/wp-json\/wp\/v2\/posts\/3132\/revisions"}],"predecessor-version":[{"id":3133,"href":"https:\/\/www.spvgg.net\/_3\/wp-json\/wp\/v2\/posts\/3132\/revisions\/3133"}],"wp:attachment":[{"href":"https:\/\/www.spvgg.net\/_3\/wp-json\/wp\/v2\/media?parent=3132"}],"wp:term":[{"taxonomy":"category","embeddable":true,"href":"https:\/\/www.spvgg.net\/_3\/wp-json\/wp\/v2\/categories?post=3132"},{"taxonomy":"post_tag","embeddable":true,"href":"https:\/\/www.spvgg.net\/_3\/wp-json\/wp\/v2\/tags?post=3132"}],"curies":[{"name":"wp","href":"https:\/\/api.w.org\/{rel}","templated":true}]}}