{"id":1375,"date":"2015-05-13T05:40:48","date_gmt":"2015-05-13T03:40:48","guid":{"rendered":"http:\/\/www.spvgg.net\/_3\/2015\/05\/13\/d-jugend-gegen-loerrach-stetten-abgesagt\/"},"modified":"2015-05-13T05:40:48","modified_gmt":"2015-05-13T03:40:48","slug":"d-jugend-gegen-loerrach-stetten-abgesagt","status":"publish","type":"post","link":"https:\/\/www.spvgg.net\/_3\/2015\/05\/13\/d-jugend-gegen-loerrach-stetten-abgesagt\/","title":{"rendered":"D-Jugend gegen L\u00f6rrach Stetten abgesagt"},"content":{"rendered":"<p><strong>D-Jugend TUS L\u00f6rrach-Stetten &#8211; SG Bad Bellingen am Samstag, en 16. Mai 2015 abgesagt.<\/strong><\/p>\n<p>Wegen Spielermangel musste Trainer Thomas M\u00e4nnlin das Ausw\u00e4rtsspiel in Stetten leider absagen.<\/p>\n","protected":false},"excerpt":{"rendered":"<p>D-Jugend TUS L\u00f6rrach-Stetten &#8211; SG Bad Bellingen am Samstag, en 16. Mai 2015 abgesagt. Wegen Spielermangel musste Trainer Thomas M\u00e4nnlin das Ausw\u00e4rtsspiel in Stetten leider absagen.<\/p>\n","protected":false},"author":1,"featured_media":0,"comment_status":"closed","ping_status":"open","sticky":false,"template":"","format":"standard","meta":{"footnotes":""},"categories":[1],"tags":[],"class_list":["post-1375","post","type-post","status-publish","format-standard","hentry","category-allgemein"],"_links":{"self":[{"href":"https:\/\/www.spvgg.net\/_3\/wp-json\/wp\/v2\/posts\/1375","targetHints":{"allow":["GET"]}}],"collection":[{"href":"https:\/\/www.spvgg.net\/_3\/wp-json\/wp\/v2\/posts"}],"about":[{"href":"https:\/\/www.spvgg.net\/_3\/wp-json\/wp\/v2\/types\/post"}],"author":[{"embeddable":true,"href":"https:\/\/www.spvgg.net\/_3\/wp-json\/wp\/v2\/users\/1"}],"replies":[{"embeddable":true,"href":"https:\/\/www.spvgg.net\/_3\/wp-json\/wp\/v2\/comments?post=1375"}],"version-history":[{"count":0,"href":"https:\/\/www.spvgg.net\/_3\/wp-json\/wp\/v2\/posts\/1375\/revisions"}],"wp:attachment":[{"href":"https:\/\/www.spvgg.net\/_3\/wp-json\/wp\/v2\/media?parent=1375"}],"wp:term":[{"taxonomy":"category","embeddable":true,"href":"https:\/\/www.spvgg.net\/_3\/wp-json\/wp\/v2\/categories?post=1375"},{"taxonomy":"post_tag","embeddable":true,"href":"https:\/\/www.spvgg.net\/_3\/wp-json\/wp\/v2\/tags?post=1375"}],"curies":[{"name":"wp","href":"https:\/\/api.w.org\/{rel}","templated":true}]}}