{"id":1322,"date":"2015-02-28T19:15:02","date_gmt":"2015-02-28T18:15:02","guid":{"rendered":"http:\/\/www.spvgg.net\/_3\/2015\/02\/28\/sg-vfr-bad-bellingen-sv-sulzburg-16-1\/"},"modified":"2015-02-28T19:15:02","modified_gmt":"2015-02-28T18:15:02","slug":"sg-vfr-bad-bellingen-sv-sulzburg-16-1","status":"publish","type":"post","link":"https:\/\/www.spvgg.net\/_3\/2015\/02\/28\/sg-vfr-bad-bellingen-sv-sulzburg-16-1\/","title":{"rendered":"SG\/VfR Bad Bellingen &#8211; SV Sulzburg  16:1"},"content":{"rendered":"<p><span style=\"font-family: Times New Roman; font-size: small;\">&nbsp;<\/span><\/p>\n<p style=\"margin: 0cm 0cm 0pt;\"><strong><span style=\"font-family: Times New Roman;\"><span style=\"font-size: small;\">SG\/VfR Bad Bellingen\/Rheinweiler \u2013 SV Sulzburg<\/span><span><span style=\"font-size: small;\">&nbsp; <\/span><\/span><span style=\"font-size: small;\">16:1<\/span><\/span><\/strong><span style=\"font-family: Times New Roman; font-size: small;\">&nbsp;<\/span><\/p>\n<p style=\"margin: 0cm 0cm 0pt;\"><strong><span style=\"font-family: Times New Roman;\"><span style=\"font-size: small;\">Torsch\u00fctzen: Tim Siegin (5), <\/span><span>&nbsp;<\/span><span style=\"font-size: small;\">Jonas Dosenbach (3), Sven Siegin (2), <\/span><span>&nbsp;<\/span><span style=\"font-size: small;\">Moritz Reif (2), Tim Schulz, Kai Schillinger, Janik Sch\u00f6ne und Kevin Bauer<\/span><\/span><\/strong><\/p>\n<p><span style=\"font-family: Times New Roman; font-size: small;\">&nbsp;<\/span><\/p>\n<p style=\"margin: 0cm 0cm 0pt;\"><span style=\"font-family: Times New Roman; font-size: small;\">Gegen einen in allen Belangen unterlegenen und ersatzgeschw\u00e4chten Gegner sorgte die SG\/VfR Bad Bellingen\/Rheinweiler f\u00fcr ein Sch\u00fctzenfest, das sicher nicht \u00fcber bewertet werden kann. <\/span><\/p>\n<p><span style=\"font-family: Times New Roman; font-size: small;\">&nbsp;<\/span><\/p>\n","protected":false},"excerpt":{"rendered":"<p>&nbsp; SG\/VfR Bad Bellingen\/Rheinweiler \u2013 SV Sulzburg&nbsp; 16:1&nbsp; Torsch\u00fctzen: Tim Siegin (5), &nbsp;Jonas Dosenbach (3), Sven Siegin (2), &nbsp;Moritz Reif (2), Tim Schulz, Kai Schillinger, Janik Sch\u00f6ne und Kevin Bauer &nbsp; Gegen einen in allen Belangen unterlegenen und ersatzgeschw\u00e4chten Gegner sorgte die SG\/VfR Bad Bellingen\/Rheinweiler f\u00fcr ein Sch\u00fctzenfest, das sicher nicht \u00fcber bewertet werden kann. [&hellip;]<\/p>\n","protected":false},"author":1,"featured_media":0,"comment_status":"closed","ping_status":"open","sticky":false,"template":"","format":"standard","meta":{"footnotes":""},"categories":[1],"tags":[],"class_list":["post-1322","post","type-post","status-publish","format-standard","hentry","category-allgemein"],"_links":{"self":[{"href":"https:\/\/www.spvgg.net\/_3\/wp-json\/wp\/v2\/posts\/1322","targetHints":{"allow":["GET"]}}],"collection":[{"href":"https:\/\/www.spvgg.net\/_3\/wp-json\/wp\/v2\/posts"}],"about":[{"href":"https:\/\/www.spvgg.net\/_3\/wp-json\/wp\/v2\/types\/post"}],"author":[{"embeddable":true,"href":"https:\/\/www.spvgg.net\/_3\/wp-json\/wp\/v2\/users\/1"}],"replies":[{"embeddable":true,"href":"https:\/\/www.spvgg.net\/_3\/wp-json\/wp\/v2\/comments?post=1322"}],"version-history":[{"count":0,"href":"https:\/\/www.spvgg.net\/_3\/wp-json\/wp\/v2\/posts\/1322\/revisions"}],"wp:attachment":[{"href":"https:\/\/www.spvgg.net\/_3\/wp-json\/wp\/v2\/media?parent=1322"}],"wp:term":[{"taxonomy":"category","embeddable":true,"href":"https:\/\/www.spvgg.net\/_3\/wp-json\/wp\/v2\/categories?post=1322"},{"taxonomy":"post_tag","embeddable":true,"href":"https:\/\/www.spvgg.net\/_3\/wp-json\/wp\/v2\/tags?post=1322"}],"curies":[{"name":"wp","href":"https:\/\/api.w.org\/{rel}","templated":true}]}}