{"id":1311,"date":"2015-01-20T07:02:05","date_gmt":"2015-01-20T06:02:05","guid":{"rendered":"http:\/\/www.spvgg.net\/_3\/2015\/01\/20\/thomas-maennlin-neuer-vorsitzender-des-foerdervereins-daniel-billich-schriftfuehrer\/"},"modified":"2015-01-20T07:02:05","modified_gmt":"2015-01-20T06:02:05","slug":"thomas-maennlin-neuer-vorsitzender-des-foerdervereins-daniel-billich-schriftfuehrer","status":"publish","type":"post","link":"https:\/\/www.spvgg.net\/_3\/2015\/01\/20\/thomas-maennlin-neuer-vorsitzender-des-foerdervereins-daniel-billich-schriftfuehrer\/","title":{"rendered":"Thomas M\u00e4nnlin neuer Vorsitzender des F\u00f6rdervereins \u2013 Daniel Billich Schriftf\u00fchrer"},"content":{"rendered":"<p><strong>Thomas M\u00e4nnlin neuer Vorsitzender des F\u00f6rdervereins \u2013 Daniel Billich Schriftf\u00fchrer<\/strong><\/p>\n<p><strong><img loading=\"lazy\" decoding=\"async\" class=\" size-full wp-image-1310\" src=\"http:\/\/www.spvgg.net\/_3\/wp-content\/uploads\/2015\/01\/maennlin.jpg\" alt=\"Thomas M\u00e4nnlin\" width=\"200\" height=\"301\" srcset=\"https:\/\/www.spvgg.net\/_3\/wp-content\/uploads\/2015\/01\/maennlin.jpg 200w, https:\/\/www.spvgg.net\/_3\/wp-content\/uploads\/2015\/01\/maennlin-199x300.jpg 199w, https:\/\/www.spvgg.net\/_3\/wp-content\/uploads\/2015\/01\/maennlin-1x1.jpg 1w\" sizes=\"auto, (max-width: 200px) 100vw, 200px\" \/><\/strong><\/p>\n<p>&nbsp;Der F\u00f6rderverein der Spvgg. Bamlach\/Rheinweiler 2002 e.V. hielt am vergangenen Montag seine Generalversammlung im Gasthaus Storchen zu Bamlach ab und konnte damit das Gesch\u00e4ftsjahr 2014 abschlie\u00dfen. Erfreulicherweise konnten alle Posten wieder besetzt werden. &nbsp;<\/p>\n<p>Vorsitzender Manfred Kunzelmann hatte zur Versammlung fristgerecht eingeladen und war erfreut, dass sich neben seinen Vorstandskollegen zahlreiche Mitglieder und G\u00e4ste im Nebenzimmer des Storchen einfanden. Nach der Begr\u00fc\u00dfung leitete Kunzelmann sogleich auf Schriftf\u00fchrer Frank Schmidt weiter, der in gewohnt ausf\u00fchrlicher Manier das Protokoll der letzten Generalversammlung von 2013 verlas und den Anwesenden damit noch einmal ein R\u00fcckblick auf das vergangene Gesch\u00e4ftsjahr erm\u00f6glichte. Anschlie\u00dfend lieferte Schatzmeister Oliver Dosenbach einen detaillierten Kassenbericht ab, aus dem auch eine Vielzahl von Aktivit\u00e4ten des F\u00f6rdervereins abzuleiten war. Kassenpr\u00fcfer Armin Held bescheinigte auch im Namen des zweiten Kassenpr\u00fcfers Thomas M\u00e4nnlin, dem Kassierer eine einwandfreie Kassenf\u00fchrung, sodass die Entlastung von Oliver Dosenbach und der Gesamtvorstandschaft einstimmig erfolgen konnte. Im Anschluss standen die Neuwahlen auf der Agenda und der Vorstand der Spielvereinigung Bamlach\/Rheinweiler, Marco Nunninger, wurde einhellig zum Wahlleiter bestimmt. Zur Wahl stand der 1. Vorsitzende, der Schriftf\u00fchrer und ein Beisitzer. Da sowohl F\u00f6rdervereinschef Manfred Kunzelmann, als auch sein langj\u00e4hriger Mitstreiter und Schriftf\u00fchrer Frank Schmidt ihre \u00c4mter aus pers\u00f6nlichen Gr\u00fcnden nicht wieder \u00fcbernehmen wollten, galt es ad\u00e4quate Nachfolger zu finden. F\u00fcr den Vorstandsposten stellte sich in Abwesenheit Thomas M\u00e4nnlin zur Verf\u00fcgung, der zuvor seine Bereitschaft schriftlich der Vorstandschaft erkl\u00e4rte. M\u00e4nnlin wurde einstimmig zum neuen Vorsitzenden gew\u00e4hlt. Auch f\u00fcr den scheidenden Schriftf\u00fchrer Frank Schmidt, der wie Kunzelmann zu den Gr\u00fcndungsmitgliedern des Vereins geh\u00f6rte, fand sich ein geeigneter Ersatz. Daniel Billich erkl\u00e4rte sich f\u00fcr den Schriftf\u00fchrerjob bereit und auch er wurde ohne Gegenstimme best\u00e4tigt. Als Beisitzer fungierte bisher Julian Eyhorn, der f\u00fcr eine weitere Periode sein Einverst\u00e4ndnis gab. Keine Frage, dass auch er vom Gremium einstimmig gew\u00e4hlt wurde. Wahlleiter Marco Nunninger bedankte sich im Namen des Hauptvereins nochmals bei den bisherigen Amtsinhabern f\u00fcr Ihren Einsatz in den letzten Jahren. Auch Kassenpr\u00fcfer und Jugendleiter Armin Held stimmte dem zu und stellte fest, dass der F\u00f6rderverein nicht nur aus finanziellen Gr\u00fcnden, sondern auch als wichtiger Motore und Ideengeber f\u00fcr den Fu\u00dfballverein wichtig ist. Der scheidende Vorsitzende Manfred Kunzelmann begr\u00fcndete nochmals seinen Entschluss und signalisierte auch weiterhin mit Rat und Tat bei Bedarf zur Stelle zu sein. Seinen Nachfolgern w\u00fcnschte er eine gute Hand bei der Vereinsf\u00fchrung. Mit der Wahl von Thomas M\u00e4nnlin und Daniel Billich darf der F\u00f6rderverein optimistisch in die Zukunft blicken, was sicher auch dem Hauptverein, der Spielvereinigung Bamlach\/Rheinweiler Motivation f\u00fcr die kommenden Aufgaben sein wird.<\/p>\n<p>Neu gew\u00e4hlt:<\/p>\n<p>Thomas M\u00e4nnlin, Vorstand<\/p>\n<p>Daniel Billich, Schriftf\u00fchrer<\/p>\n<p>Julian Eyhorn, Beisitzer<\/p>\n<p>Die \u00fcbrigen Posten sind im n\u00e4chsten Gesch\u00e4ftsjahr zu w\u00e4hlen.<\/p>\n","protected":false},"excerpt":{"rendered":"<p>Thomas M\u00e4nnlin neuer Vorsitzender des F\u00f6rdervereins \u2013 Daniel Billich Schriftf\u00fchrer &nbsp;Der F\u00f6rderverein der Spvgg. Bamlach\/Rheinweiler 2002 e.V. hielt am vergangenen Montag seine Generalversammlung im Gasthaus Storchen zu Bamlach ab und konnte damit das Gesch\u00e4ftsjahr 2014 abschlie\u00dfen. Erfreulicherweise konnten alle Posten wieder besetzt werden. &nbsp; Vorsitzender Manfred Kunzelmann hatte zur Versammlung fristgerecht eingeladen und war erfreut, [&hellip;]<\/p>\n","protected":false},"author":1,"featured_media":1310,"comment_status":"closed","ping_status":"open","sticky":false,"template":"","format":"standard","meta":{"footnotes":""},"categories":[1],"tags":[],"class_list":["post-1311","post","type-post","status-publish","format-standard","has-post-thumbnail","hentry","category-allgemein"],"_links":{"self":[{"href":"https:\/\/www.spvgg.net\/_3\/wp-json\/wp\/v2\/posts\/1311","targetHints":{"allow":["GET"]}}],"collection":[{"href":"https:\/\/www.spvgg.net\/_3\/wp-json\/wp\/v2\/posts"}],"about":[{"href":"https:\/\/www.spvgg.net\/_3\/wp-json\/wp\/v2\/types\/post"}],"author":[{"embeddable":true,"href":"https:\/\/www.spvgg.net\/_3\/wp-json\/wp\/v2\/users\/1"}],"replies":[{"embeddable":true,"href":"https:\/\/www.spvgg.net\/_3\/wp-json\/wp\/v2\/comments?post=1311"}],"version-history":[{"count":0,"href":"https:\/\/www.spvgg.net\/_3\/wp-json\/wp\/v2\/posts\/1311\/revisions"}],"wp:featuredmedia":[{"embeddable":true,"href":"https:\/\/www.spvgg.net\/_3\/wp-json\/wp\/v2\/media\/1310"}],"wp:attachment":[{"href":"https:\/\/www.spvgg.net\/_3\/wp-json\/wp\/v2\/media?parent=1311"}],"wp:term":[{"taxonomy":"category","embeddable":true,"href":"https:\/\/www.spvgg.net\/_3\/wp-json\/wp\/v2\/categories?post=1311"},{"taxonomy":"post_tag","embeddable":true,"href":"https:\/\/www.spvgg.net\/_3\/wp-json\/wp\/v2\/tags?post=1311"}],"curies":[{"name":"wp","href":"https:\/\/api.w.org\/{rel}","templated":true}]}}